{"id":7568,"date":"2018-04-26T16:20:27","date_gmt":"2018-04-26T15:20:27","guid":{"rendered":"https:\/\/unser-niedersaubach.de\/?p=7568"},"modified":"2018-07-20T11:00:15","modified_gmt":"2018-07-20T10:00:15","slug":"saubacher-hexennacht","status":"publish","type":"post","link":"https:\/\/unser-niedersaubach.de\/?p=7568","title":{"rendered":"Saubacher Hexennacht"},"content":{"rendered":"<h1>Feuerwehr l\u00e4dt ein<\/h1>\n<div id=\"attachment_7569\" style=\"width: 594px\" class=\"wp-caption aligncenter\"><a href=\"https:\/\/unser-niedersaubach.de\/wp-content\/uploads\/2018\/04\/Flyer-Hexennacht-2018_Page_1.jpeg\" target=\"_blank\" rel=\"noopener\"><img loading=\"lazy\" decoding=\"async\" aria-describedby=\"caption-attachment-7569\" class=\"wp-image-7569 size-large\" src=\"https:\/\/unser-niedersaubach.de\/wp-content\/uploads\/2018\/04\/Flyer-Hexennacht-2018_Page_1-724x1024.jpeg\" alt=\"\" width=\"584\" height=\"826\" srcset=\"https:\/\/unser-niedersaubach.de\/wp-content\/uploads\/2018\/04\/Flyer-Hexennacht-2018_Page_1-724x1024.jpeg 724w, https:\/\/unser-niedersaubach.de\/wp-content\/uploads\/2018\/04\/Flyer-Hexennacht-2018_Page_1-212x300.jpeg 212w, https:\/\/unser-niedersaubach.de\/wp-content\/uploads\/2018\/04\/Flyer-Hexennacht-2018_Page_1-768x1086.jpeg 768w, https:\/\/unser-niedersaubach.de\/wp-content\/uploads\/2018\/04\/Flyer-Hexennacht-2018_Page_1.jpeg 1653w\" sizes=\"auto, (max-width: 584px) 100vw, 584px\" \/><\/a><p id=\"caption-attachment-7569\" class=\"wp-caption-text\">\u00a9 Florian Wagner, L\u00f6schbezirksf\u00fchrer Niedersaubach-R\u00fcmmelbach<\/p><\/div>\n","protected":false},"excerpt":{"rendered":"<p>Feuerwehr l\u00e4dt ein<\/p>\n","protected":false},"author":2,"featured_media":7569,"comment_status":"open","ping_status":"open","sticky":false,"template":"","format":"gallery","meta":{"ngg_post_thumbnail":0,"footnotes":""},"categories":[72,71,132],"tags":[416,510,322],"class_list":["post-7568","post","type-post","status-publish","format-gallery","has-post-thumbnail","hentry","category-dorfgemeinschaft","category-festveranstaltung","category-veranstaltungen","tag-feuerwehr","tag-florian-wagner","tag-hexennacht","post_format-post-format-gallery"],"_links":{"self":[{"href":"https:\/\/unser-niedersaubach.de\/index.php?rest_route=\/wp\/v2\/posts\/7568","targetHints":{"allow":["GET"]}}],"collection":[{"href":"https:\/\/unser-niedersaubach.de\/index.php?rest_route=\/wp\/v2\/posts"}],"about":[{"href":"https:\/\/unser-niedersaubach.de\/index.php?rest_route=\/wp\/v2\/types\/post"}],"author":[{"embeddable":true,"href":"https:\/\/unser-niedersaubach.de\/index.php?rest_route=\/wp\/v2\/users\/2"}],"replies":[{"embeddable":true,"href":"https:\/\/unser-niedersaubach.de\/index.php?rest_route=%2Fwp%2Fv2%2Fcomments&post=7568"}],"version-history":[{"count":1,"href":"https:\/\/unser-niedersaubach.de\/index.php?rest_route=\/wp\/v2\/posts\/7568\/revisions"}],"predecessor-version":[{"id":7570,"href":"https:\/\/unser-niedersaubach.de\/index.php?rest_route=\/wp\/v2\/posts\/7568\/revisions\/7570"}],"wp:featuredmedia":[{"embeddable":true,"href":"https:\/\/unser-niedersaubach.de\/index.php?rest_route=\/wp\/v2\/media\/7569"}],"wp:attachment":[{"href":"https:\/\/unser-niedersaubach.de\/index.php?rest_route=%2Fwp%2Fv2%2Fmedia&parent=7568"}],"wp:term":[{"taxonomy":"category","embeddable":true,"href":"https:\/\/unser-niedersaubach.de\/index.php?rest_route=%2Fwp%2Fv2%2Fcategories&post=7568"},{"taxonomy":"post_tag","embeddable":true,"href":"https:\/\/unser-niedersaubach.de\/index.php?rest_route=%2Fwp%2Fv2%2Ftags&post=7568"}],"curies":[{"name":"wp","href":"https:\/\/api.w.org\/{rel}","templated":true}]}}