{"id":7752,"date":"2018-10-11T21:17:42","date_gmt":"2018-10-11T20:17:42","guid":{"rendered":"https:\/\/unser-niedersaubach.de\/?p=7752"},"modified":"2018-10-11T21:24:49","modified_gmt":"2018-10-11T20:24:49","slug":"feuerwehrfest-1966","status":"publish","type":"post","link":"https:\/\/unser-niedersaubach.de\/?p=7752","title":{"rendered":"Feuerwehrfest 1966"},"content":{"rendered":"<p>Vom 2. bis zum 4. Juli 1966 (Samstag bis Montag) feierte Niedersaubach z\u00fcnftig 60 Jahre Freiwillige Feuerwehr Niedersaubach.<\/p>\n<p>Hierzu wurde selbstverst\u00e4ndlich eine Festschrift erstellt, welche die Geschichte der Niedersaubacher Feuerwehr erz\u00e4hlt von den Gr\u00fcndenjahren bis in die 60er Jahre.<\/p>\n<div id=\"attachment_7753\" style=\"width: 594px\" class=\"wp-caption aligncenter\"><a href=\"https:\/\/unser-niedersaubach.de\/wp-content\/uploads\/2018\/10\/Feuerwehrchronik_1966.pdf\" target=\"_blank\" rel=\"noopener\"><img loading=\"lazy\" decoding=\"async\" aria-describedby=\"caption-attachment-7753\" class=\"wp-image-7753 size-large\" src=\"https:\/\/unser-niedersaubach.de\/wp-content\/uploads\/2018\/10\/Feuerwehrchronik_1966.pdf_extract_Page_1-722x1024.jpg\" alt=\"\" width=\"584\" height=\"828\" srcset=\"https:\/\/unser-niedersaubach.de\/wp-content\/uploads\/2018\/10\/Feuerwehrchronik_1966.pdf_extract_Page_1-722x1024.jpg 722w, https:\/\/unser-niedersaubach.de\/wp-content\/uploads\/2018\/10\/Feuerwehrchronik_1966.pdf_extract_Page_1-212x300.jpg 212w, https:\/\/unser-niedersaubach.de\/wp-content\/uploads\/2018\/10\/Feuerwehrchronik_1966.pdf_extract_Page_1-768x1089.jpg 768w, https:\/\/unser-niedersaubach.de\/wp-content\/uploads\/2018\/10\/Feuerwehrchronik_1966.pdf_extract_Page_1.jpg 1157w\" sizes=\"auto, (max-width: 584px) 100vw, 584px\" \/><\/a><p id=\"caption-attachment-7753\" class=\"wp-caption-text\">Feuerwehrchronik Niedersaubach 1966<br \/>\u00a9 Florian Wagner<\/p><\/div>\n<p>Aus dem Nachlass von Rauhen Robert (der selber viele Jahre der FFw Niedersaubach angeh\u00f6rte) ist nun an den aktuellen Wehrf\u00fchrer Florian Wagner die damalige Festschrift \u00fcbergeben worden. Als amtierendem Wehrf\u00fchrer kommt ihm nat\u00fcrlich das Copyright dieser Publikation zu.<\/p>\n<p>Die Schrift ist f\u00fcr uns \u00c4ltere eine sch\u00f6ne Erinnerung an vergangene Tage einer Zeit, in der die Dorfgemeinschaft sehr intensiv gelebt wurde.<\/p>\n<p>Ich selber erinnere mich gern an dieses Fest, weil man Vater, der Hachen Sepp, mir an diesem sch\u00f6nen Wochenende erlaubt hatte, so viele Rostw\u00fcrste zu essen und so viele Limonaden zu trinken, wie ich nur packe. Das war richtig klasse &#8211; ein tolles Fest!<\/p>\n<p><em>Lothar Schmidt<\/em><\/p>\n","protected":false},"excerpt":{"rendered":"<p>Vom 2. bis zum 4. Juli 1966 (Samstag bis Montag) feierte Niedersaubach z\u00fcnftig 60 Jahre Freiwillige Feuerwehr Niedersaubach. Hierzu wurde selbstverst\u00e4ndlich eine Festschrift erstellt, welche die Geschichte der Niedersaubacher Feuerwehr erz\u00e4hlt von den Gr\u00fcndenjahren bis in die 60er Jahre. Aus &hellip; <a href=\"https:\/\/unser-niedersaubach.de\/?p=7752\">Weiterlesen <span class=\"meta-nav\">&rarr;<\/span><\/a><\/p>\n","protected":false},"author":2,"featured_media":7753,"comment_status":"closed","ping_status":"closed","sticky":false,"template":"","format":"gallery","meta":{"ngg_post_thumbnail":0,"footnotes":""},"categories":[188,48],"tags":[535,534,411],"class_list":["post-7752","post","type-post","status-publish","format-gallery","has-post-thumbnail","hentry","category-feuerwehr","category-jubilaum","tag-535","tag-freiwillige-feuerwehr-niedersaubach","tag-jubilaum","post_format-post-format-gallery"],"_links":{"self":[{"href":"https:\/\/unser-niedersaubach.de\/index.php?rest_route=\/wp\/v2\/posts\/7752","targetHints":{"allow":["GET"]}}],"collection":[{"href":"https:\/\/unser-niedersaubach.de\/index.php?rest_route=\/wp\/v2\/posts"}],"about":[{"href":"https:\/\/unser-niedersaubach.de\/index.php?rest_route=\/wp\/v2\/types\/post"}],"author":[{"embeddable":true,"href":"https:\/\/unser-niedersaubach.de\/index.php?rest_route=\/wp\/v2\/users\/2"}],"replies":[{"embeddable":true,"href":"https:\/\/unser-niedersaubach.de\/index.php?rest_route=%2Fwp%2Fv2%2Fcomments&post=7752"}],"version-history":[{"count":6,"href":"https:\/\/unser-niedersaubach.de\/index.php?rest_route=\/wp\/v2\/posts\/7752\/revisions"}],"predecessor-version":[{"id":7755,"href":"https:\/\/unser-niedersaubach.de\/index.php?rest_route=\/wp\/v2\/posts\/7752\/revisions\/7755"}],"wp:featuredmedia":[{"embeddable":true,"href":"https:\/\/unser-niedersaubach.de\/index.php?rest_route=\/wp\/v2\/media\/7753"}],"wp:attachment":[{"href":"https:\/\/unser-niedersaubach.de\/index.php?rest_route=%2Fwp%2Fv2%2Fmedia&parent=7752"}],"wp:term":[{"taxonomy":"category","embeddable":true,"href":"https:\/\/unser-niedersaubach.de\/index.php?rest_route=%2Fwp%2Fv2%2Fcategories&post=7752"},{"taxonomy":"post_tag","embeddable":true,"href":"https:\/\/unser-niedersaubach.de\/index.php?rest_route=%2Fwp%2Fv2%2Ftags&post=7752"}],"curies":[{"name":"wp","href":"https:\/\/api.w.org\/{rel}","templated":true}]}}