{"id":7859,"date":"2019-09-19T08:33:06","date_gmt":"2019-09-19T07:33:06","guid":{"rendered":"https:\/\/unser-niedersaubach.de\/?p=7859"},"modified":"2019-10-25T17:20:40","modified_gmt":"2019-10-25T16:20:40","slug":"saubach-rockt-zurueck","status":"publish","type":"post","link":"https:\/\/unser-niedersaubach.de\/?p=7859","title":{"rendered":"Saubach rockt zur\u00fcck"},"content":{"rendered":"\n<h2 class=\"wp-block-heading\"> Saubacher Buuwe un M\u00e4\u00e4d laden ein<\/h2>\n\n\n\n<p>Es ist mal wieder soweit. <\/p>\n\n\n\n<p>Unter dem Motto ,,Saubach rockt zur\u00fcck in die 80er und 90er mit DJ Monti veranstalten die Saubacher Buuwe un M\u00e4\u00e4d in Zusammenarbeit mit Unser Niedersaubch ihr n\u00e4chstes Event im Antoniusheim in Niedersaubach. <\/p>\n\n\n\n<figure class=\"wp-block-image\"><a href=\"https:\/\/unser-niedersaubach.de\/wp-content\/uploads\/2019\/09\/Saubach-rockt.jpg\" target=\"_blank\" rel=\"noreferrer noopener\"><img loading=\"lazy\" decoding=\"async\" width=\"724\" height=\"1024\" src=\"https:\/\/unser-niedersaubach.de\/wp-content\/uploads\/2019\/09\/Saubach-rockt-724x1024.jpg\" alt=\"\" class=\"wp-image-7860\" srcset=\"https:\/\/unser-niedersaubach.de\/wp-content\/uploads\/2019\/09\/Saubach-rockt-724x1024.jpg 724w, https:\/\/unser-niedersaubach.de\/wp-content\/uploads\/2019\/09\/Saubach-rockt-212x300.jpg 212w, https:\/\/unser-niedersaubach.de\/wp-content\/uploads\/2019\/09\/Saubach-rockt-768x1086.jpg 768w, https:\/\/unser-niedersaubach.de\/wp-content\/uploads\/2019\/09\/Saubach-rockt.jpg 1131w\" sizes=\"auto, (max-width: 724px) 100vw, 724px\" \/><\/a><figcaption>\u00a9 Achim Schmitz<\/figcaption><\/figure>\n\n\n\n<p>Einlass : 18:50 Uhr<\/p>\n\n\n\n<p>Beginn : 19:00 Uhr <\/p>\n\n\n\n<p>Eintritt: 5 Euro  <\/p>\n\n\n\n<p>Vorverkauf ab Mittwoch, 25.09.2019, bei Getr\u00e4nke Egon Breidt in der Tholeyer Stra\u00dfe in Lebach  oder bei Malgosia im GASTHAUS B\u00c4RSCH,  Am Sch\u00fctzenberg, in Lebach.<\/p>\n\n\n\n<h2 class=\"wp-block-heading\">Ein Kommen lohnt sich. Versprochen!<\/h2>\n","protected":false},"excerpt":{"rendered":"<p>Saubacher Buuwe un M\u00e4\u00e4d laden ein Es ist mal wieder soweit. Unter dem Motto ,,Saubach rockt zur\u00fcck in die 80er und 90er mit DJ Monti veranstalten die Saubacher Buuwe un M\u00e4\u00e4d in Zusammenarbeit mit Unser Niedersaubch ihr n\u00e4chstes Event im &hellip; <a href=\"https:\/\/unser-niedersaubach.de\/?p=7859\">Weiterlesen <span class=\"meta-nav\">&rarr;<\/span><\/a><\/p>\n","protected":false},"author":2,"featured_media":7860,"comment_status":"closed","ping_status":"closed","sticky":false,"template":"","format":"gallery","meta":{"ngg_post_thumbnail":0,"footnotes":""},"categories":[462,72,132],"tags":[543,494,499],"class_list":["post-7859","post","type-post","status-publish","format-gallery","has-post-thumbnail","hentry","category-antoniusheim","category-dorfgemeinschaft","category-veranstaltungen","tag-dj-monti","tag-saubach-rockt","tag-saubacher-buuwe-un-maeaed","post_format-post-format-gallery"],"_links":{"self":[{"href":"https:\/\/unser-niedersaubach.de\/index.php?rest_route=\/wp\/v2\/posts\/7859","targetHints":{"allow":["GET"]}}],"collection":[{"href":"https:\/\/unser-niedersaubach.de\/index.php?rest_route=\/wp\/v2\/posts"}],"about":[{"href":"https:\/\/unser-niedersaubach.de\/index.php?rest_route=\/wp\/v2\/types\/post"}],"author":[{"embeddable":true,"href":"https:\/\/unser-niedersaubach.de\/index.php?rest_route=\/wp\/v2\/users\/2"}],"replies":[{"embeddable":true,"href":"https:\/\/unser-niedersaubach.de\/index.php?rest_route=%2Fwp%2Fv2%2Fcomments&post=7859"}],"version-history":[{"count":1,"href":"https:\/\/unser-niedersaubach.de\/index.php?rest_route=\/wp\/v2\/posts\/7859\/revisions"}],"predecessor-version":[{"id":7861,"href":"https:\/\/unser-niedersaubach.de\/index.php?rest_route=\/wp\/v2\/posts\/7859\/revisions\/7861"}],"wp:featuredmedia":[{"embeddable":true,"href":"https:\/\/unser-niedersaubach.de\/index.php?rest_route=\/wp\/v2\/media\/7860"}],"wp:attachment":[{"href":"https:\/\/unser-niedersaubach.de\/index.php?rest_route=%2Fwp%2Fv2%2Fmedia&parent=7859"}],"wp:term":[{"taxonomy":"category","embeddable":true,"href":"https:\/\/unser-niedersaubach.de\/index.php?rest_route=%2Fwp%2Fv2%2Fcategories&post=7859"},{"taxonomy":"post_tag","embeddable":true,"href":"https:\/\/unser-niedersaubach.de\/index.php?rest_route=%2Fwp%2Fv2%2Ftags&post=7859"}],"curies":[{"name":"wp","href":"https:\/\/api.w.org\/{rel}","templated":true}]}}