{"id":7922,"date":"2020-07-10T14:33:09","date_gmt":"2020-07-10T13:33:09","guid":{"rendered":"https:\/\/unser-niedersaubach.de\/?p=7922"},"modified":"2020-07-10T14:37:38","modified_gmt":"2020-07-10T13:37:38","slug":"einsegnung-des-neuen-feuerwehrautos","status":"publish","type":"post","link":"https:\/\/unser-niedersaubach.de\/?p=7922","title":{"rendered":"Einsegnung des neuen Feuerwehrautos"},"content":{"rendered":"\n<p class=\"has-drop-cap\">Am Samstag (04.07.2020) wurde das neue Feuerwehrauto von Niedersaubach eingesegnet.<\/p>\n\n\n\n<p class=\"has-drop-cap\">Leider musste Corona bedingt die Einsegnung im kleinen Kreis durchgef\u00fchrt werden (geschlossene Gesellschaft). Die Feuerwehr h\u00e4tte sehr sehr gerne ein gro\u00dfes Fest mit den Niedersaubacher B\u00fcrgern gefeiert. Das war leider nicht m\u00f6glich. <\/p>\n\n\n\n<p class=\"has-drop-cap\">Der Feuerwehr lag es aber sehr am Herzen, die Einsegnung des Feuerwehrautos noch dieses Jahr auszuf\u00fchren, weil man keinen \u201cernsten Einsatz\u201d mit einem nicht gesegneten Feuerwehrauto machen wollten. <\/p>\n\n\n\n<p class=\"has-drop-cap\">Ich habe ein paar Fotos gemacht. Jens Breitkopf, Chef der Wehr, hat die Fotos genehmigt. <\/p>\n\n\n\n<p>Herzlichen Gru\u00df<br><em>Manne Mai<\/em><\/p>\n\n\n\n<p><strong>Bilder \u00a9 Mai<\/strong><\/p>\n\n\n\n<div class=\"wp-block-flagallery-gallery flagallery-shortcode\"><div class=\"flagallery phantom_skin\" id=\"FlaGallery_sc1_73\" style='width:1004;'><style type=\"text\/css\" class=\"flagallery_skin_style_import\">#FlaGallery_sc1_73 .flagPhantom_ThumbContainer {width:200px; height:180px;}#FlaGallery_sc1_73 .flagPhantom_MobileView .flagPhantom_ThumbContainer {width:150px; height:135px;}#FlaGallery_sc1_73 .flagPhantom_Container {margin-left:auto;margin-right:auto;}#FlaGallery_sc1_73 .flagPhantom_ThumbContainer {margin:8px 0 0 8px;}#FlaGallery_sc1_73 .flagPhantom_ThumbContainer {padding:2px;}#FlaGallery_sc1_73 .flagPhantom_LabelBottom .flagPhantom_ThumbContainer {padding-bottom:36px;}#FlaGallery_sc1_73 .flagPhantom_ThumbContainer,#FlaGallery_sc1_73 .flagPhantom_LabelBottom .flagPhantom_ThumbLabel {background-color:#ffffff;}#FlaGallery_sc1_73 .flagPhantom_ThumbContainer .flagPhantom_Thumb {opacity:0.9;}#FlaGallery_sc1_73 .flagPhantom_ThumbContainer:hover .flagPhantom_Thumb {opacity:1;}#FlaGallery_sc1_73 .flagPhantom_ThumbContainer {border:1px solid #cccccc;}#FlaGallery_sc1_73 .flagPhantom_ThumbContainer {box-shadow:0 0 5px -2px #cccccc;}#FlaGallery_sc1_73 .flagPhantom_ThumbLabel {color:#0b0b0b;}#FlaGallery_sc1_73 .flagPhantom_ThumbLabel a {color:#3695E7;}#FlaGallery_sc1_73 .flagPhantom_LabelInside .flagPhantom_ThumbLabel,#FlaGallery_sc1_73 .flagPhantom_LabelHover .flagPhantom_ThumbLabel {color:#ffffff;}#FlaGallery_sc1_73 .flagPhantom_LabelInside .flagPhantom_ThumbLabel a,#FlaGallery_sc1_73 .flagPhantom_LabelHover .flagPhantom_ThumbLabel a,#FlaGallery_sc1_73 .flagPhantom_LabelInside .flagPhantom_ThumbLabel a:hover,#FlaGallery_sc1_73 .flagPhantom_LabelHover .flagPhantom_ThumbLabel a:hover {color:#e7e179;}<\/style> <div class=\"flagPhantom_Container noLightbox\" style=\"opacity:0\"> <h3>Einsegnung Feuerwehrauto 2020<\/h3> <div class=\"flagPhantom_thumbsWrapper flagPhantom_ThumbScale flagPhantom_LabelHover\"> <div class=\"flagPhantom_ThumbContainer flagPhantom_ThumbLoader\" data-id=\"3749\" data-ratio=\"1.3341176470588\" data-title=\"\" data-views=\"25\" data-likes=\"0\"> <a href=\"https:\/\/unser-niedersaubach.de\/wp-content\/flagallery\/einsegnung-feuerwehrauto-2020\/webview\/dpp_002.JPG\" class=\"flagPhantom_Thumb\"><img decoding=\"async\" class=\"noLazy\" src=\"https:\/\/unser-niedersaubach.de\/wp-content\/flagallery\/einsegnung-feuerwehrauto-2020\/thumbs\/thumbs_dpp_002.JPG\" data-src=\"https:\/\/unser-niedersaubach.de\/wp-content\/flagallery\/einsegnung-feuerwehrauto-2020\/webview\/dpp_002.JPG\" alt=\"\"\/><\/a> <div class=\"flagPhantom_ThumbLabel\"> <span class=\"flagPhantom_ThumbLabel_title\"><\/span><\/div> <div style=\"display:none;\" class=\"flagPhantom_Details\"> <\/div> <\/div> <div class=\"flagPhantom_ThumbContainer flagPhantom_ThumbLoader\" data-id=\"3750\" data-ratio=\"1.512\" data-title=\"\" data-views=\"25\" data-likes=\"0\"> <a href=\"https:\/\/unser-niedersaubach.de\/wp-content\/flagallery\/einsegnung-feuerwehrauto-2020\/webview\/dpp_003.JPG\" class=\"flagPhantom_Thumb\"><img decoding=\"async\" class=\"noLazy\" src=\"https:\/\/unser-niedersaubach.de\/wp-content\/flagallery\/einsegnung-feuerwehrauto-2020\/thumbs\/thumbs_dpp_003.JPG\" data-src=\"https:\/\/unser-niedersaubach.de\/wp-content\/flagallery\/einsegnung-feuerwehrauto-2020\/webview\/dpp_003.JPG\" alt=\"\"\/><\/a> <div class=\"flagPhantom_ThumbLabel\"> <span class=\"flagPhantom_ThumbLabel_title\"><\/span><\/div> <div style=\"display:none;\" class=\"flagPhantom_Details\"> <\/div> <\/div> <div class=\"flagPhantom_ThumbContainer flagPhantom_ThumbLoader\" data-id=\"3751\" data-ratio=\"1.4632258064516\" data-title=\"\" data-views=\"29\" data-likes=\"0\"> <a href=\"https:\/\/unser-niedersaubach.de\/wp-content\/flagallery\/einsegnung-feuerwehrauto-2020\/webview\/dpp_004.JPG\" class=\"flagPhantom_Thumb\"><img decoding=\"async\" class=\"noLazy\" src=\"https:\/\/unser-niedersaubach.de\/wp-content\/flagallery\/einsegnung-feuerwehrauto-2020\/thumbs\/thumbs_dpp_004.JPG\" data-src=\"https:\/\/unser-niedersaubach.de\/wp-content\/flagallery\/einsegnung-feuerwehrauto-2020\/webview\/dpp_004.JPG\" alt=\"\"\/><\/a> <div class=\"flagPhantom_ThumbLabel\"> <span class=\"flagPhantom_ThumbLabel_title\"><\/span><\/div> <div style=\"display:none;\" class=\"flagPhantom_Details\"> <\/div> <\/div> <div class=\"flagPhantom_ThumbContainer flagPhantom_ThumbLoader\" data-id=\"3752\" data-ratio=\"1.3863080684597\" data-title=\"\" data-views=\"24\" data-likes=\"0\"> <a href=\"https:\/\/unser-niedersaubach.de\/wp-content\/flagallery\/einsegnung-feuerwehrauto-2020\/webview\/dpp_005.JPG\" class=\"flagPhantom_Thumb\"><img decoding=\"async\" class=\"noLazy\" src=\"https:\/\/unser-niedersaubach.de\/wp-content\/flagallery\/einsegnung-feuerwehrauto-2020\/thumbs\/thumbs_dpp_005.JPG\" data-src=\"https:\/\/unser-niedersaubach.de\/wp-content\/flagallery\/einsegnung-feuerwehrauto-2020\/webview\/dpp_005.JPG\" alt=\"\"\/><\/a> <div class=\"flagPhantom_ThumbLabel\"> <span class=\"flagPhantom_ThumbLabel_title\"><\/span><\/div> <div style=\"display:none;\" class=\"flagPhantom_Details\"> <\/div> <\/div> <div class=\"flagPhantom_ThumbContainer flagPhantom_ThumbLoader\" data-id=\"3753\" data-ratio=\"1.440914866582\" data-title=\"\" data-views=\"25\" data-likes=\"0\"> <a href=\"https:\/\/unser-niedersaubach.de\/wp-content\/flagallery\/einsegnung-feuerwehrauto-2020\/webview\/dpp_006.JPG\" class=\"flagPhantom_Thumb\"><img decoding=\"async\" class=\"noLazy\" src=\"https:\/\/unser-niedersaubach.de\/wp-content\/flagallery\/einsegnung-feuerwehrauto-2020\/thumbs\/thumbs_dpp_006.JPG\" data-src=\"https:\/\/unser-niedersaubach.de\/wp-content\/flagallery\/einsegnung-feuerwehrauto-2020\/webview\/dpp_006.JPG\" alt=\"\"\/><\/a> <div class=\"flagPhantom_ThumbLabel\"> <span class=\"flagPhantom_ThumbLabel_title\"><\/span><\/div> <div style=\"display:none;\" class=\"flagPhantom_Details\"> <\/div> <\/div> <div class=\"flagPhantom_ThumbContainer flagPhantom_ThumbLoader\" data-id=\"3754\" data-ratio=\"1.3341176470588\" data-title=\"\" data-views=\"23\" data-likes=\"0\"> <a href=\"https:\/\/unser-niedersaubach.de\/wp-content\/flagallery\/einsegnung-feuerwehrauto-2020\/webview\/dpp_007.JPG\" class=\"flagPhantom_Thumb\"><img decoding=\"async\" class=\"noLazy\" src=\"https:\/\/unser-niedersaubach.de\/wp-content\/flagallery\/einsegnung-feuerwehrauto-2020\/thumbs\/thumbs_dpp_007.JPG\" data-src=\"https:\/\/unser-niedersaubach.de\/wp-content\/flagallery\/einsegnung-feuerwehrauto-2020\/webview\/dpp_007.JPG\" alt=\"\"\/><\/a> <div class=\"flagPhantom_ThumbLabel\"> <span class=\"flagPhantom_ThumbLabel_title\"><\/span><\/div> <div style=\"display:none;\" class=\"flagPhantom_Details\"> <\/div> <\/div> <div class=\"flagPhantom_ThumbContainer flagPhantom_ThumbLoader\" data-id=\"3755\" data-ratio=\"1.1811764705882\" data-title=\"\" data-views=\"27\" data-likes=\"0\"> <a href=\"https:\/\/unser-niedersaubach.de\/wp-content\/flagallery\/einsegnung-feuerwehrauto-2020\/webview\/dpp_008.JPG\" class=\"flagPhantom_Thumb\"><img decoding=\"async\" class=\"noLazy\" src=\"https:\/\/unser-niedersaubach.de\/wp-content\/flagallery\/einsegnung-feuerwehrauto-2020\/thumbs\/thumbs_dpp_008.JPG\" data-src=\"https:\/\/unser-niedersaubach.de\/wp-content\/flagallery\/einsegnung-feuerwehrauto-2020\/webview\/dpp_008.JPG\" alt=\"\"\/><\/a> <div class=\"flagPhantom_ThumbLabel\"> <span class=\"flagPhantom_ThumbLabel_title\"><\/span><\/div> <div style=\"display:none;\" class=\"flagPhantom_Details\"> <\/div> <\/div> <\/div> <\/div> <script type=\"text\/javascript\"> jQuery(function(){ var settings = {\"maxheight\":\"0\",\"thumbCols\":\"0\",\"thumbRows\":\"0\",\"thumbsNavigation\":\"scroll\",\"bgColor\":\"#ffffff\",\"bgAlpha\":\"0\",\"thumbWidth\":\"200\",\"thumbHeight\":\"180\",\"thumbWidthMobile\":\"150\",\"thumbHeightMobile\":\"135\",\"thumbsSpacing\":\"8\",\"thumbsVerticalPadding\":\"4\",\"thumbsHorizontalPadding\":\"4\",\"thumbsAlign\":\"center\",\"thumbScale\":\"1\",\"thumbBG\":\"#ffffff\",\"thumbAlpha\":\"90\",\"thumbAlphaHover\":\"100\",\"thumbBorderSize\":\"1\",\"thumbBorderColor\":\"#cccccc\",\"thumbPadding\":\"2\",\"thumbsInfo\":\"label\",\"labelOnHover\":\"1\",\"labelTextColor\":\"#ffffff\",\"labelLinkColor\":\"#e7e179\",\"label8TextColor\":\"#0b0b0b\",\"label8LinkColor\":\"#3695E7\",\"tooltipTextColor\":\"#0b0b0b\",\"tooltipBgColor\":\"#ffffff\",\"tooltipStrokeColor\":\"#000000\",\"lightboxControlsColor\":\"#ffffff\",\"lightboxTitleColor\":\"#f3f3f3\",\"lightboxTextColor\":\"#f3f3f3\",\"lightboxBGColor\":\"#0b0b0b\",\"lightboxBGAlpha\":\"80\",\"socialShareEnabled\":\"1\",\"deepLinks\":\"1\",\"sidebarBGColor\":\"#ffffff\",\"lightbox800HideArrows\":\"0\",\"viewsEnabled\":\"1\",\"likesEnabled\":\"1\",\"thumb2link\":\"0\",\"show_title\":\"1\",\"initRPdelay\":\"200\",\"key\":\"\",\"name\":\"\",\"mfp_css\":\"\\r\\n#mfp_gm_sc1_73 .mfp-arrow-right:after,\\r\\n#mfp_gm_sc1_73 .mfp-arrow-right .mfp-a {border-left-color:#ffffff;}\\r\\n#mfp_gm_sc1_73 .mfp-arrow-left:after,\\r\\n#mfp_gm_sc1_73 .mfp-arrow-left .mfp-a {border-right-color:#ffffff;}\\r\\n#mfp_gm_sc1_73 .mfp-close,\\r\\n#mfp_gm_sc1_73 .mfp-likes,\\r\\n#mfp_gm_sc1_73 .mfp-share {color:#ffffff;}\\r\\n#mfp_gm_sc1_73 .mfp-preloader {background-color:#ffffff;}\\r\\n#mfp_gm_sc1_73 .flagPhantom_title,\\r\\n#mfp_gm_sc1_73 .mfp-counter {color:#f3f3f3;}\\r\\n#mfp_gm_sc1_73 .flagPhantom_text {color:#f3f3f3;}\\r\\n#mfp_gm_sc1_73_bg.mfp-bg {background-color:#0b0b0b;}\\r\\n#mfp_gm_sc1_73_bg.mfp-bg {opacity:0.8;}\\r\\n#mfp_gm_sc1_73_bg.mfp-zoom-in.mfp-bg {opacity:0}\\r\\n#mfp_gm_sc1_73_bg.mfp-zoom-in.mfp-ready.mfp-bg {opacity:0.8;}\\r\\n#mfp_gm_sc1_73_bg.mfp-zoom-in.mfp-removing.mfp-bg {opacity:0}\"}; jQuery('#FlaGallery_sc1_73').flagPhantom([settings]); }); <\/script><\/div><noscript id=\"noscript_FlaGallery_sc1_73\"><img class=\"skip-lazy no-lazyload noLazy\" data-lazy-src=\"\" src =\"https:\/\/unser-niedersaubach.de\/wp-content\/flagallery\/einsegnung-feuerwehrauto-2020\/dpp_002.JPG\" alt=\"\" \/><img class=\"skip-lazy no-lazyload noLazy\" data-lazy-src=\"\" src =\"https:\/\/unser-niedersaubach.de\/wp-content\/flagallery\/einsegnung-feuerwehrauto-2020\/dpp_003.JPG\" alt=\"\" \/><img class=\"skip-lazy no-lazyload noLazy\" data-lazy-src=\"\" src =\"https:\/\/unser-niedersaubach.de\/wp-content\/flagallery\/einsegnung-feuerwehrauto-2020\/dpp_004.JPG\" alt=\"\" \/><img class=\"skip-lazy no-lazyload noLazy\" data-lazy-src=\"\" src =\"https:\/\/unser-niedersaubach.de\/wp-content\/flagallery\/einsegnung-feuerwehrauto-2020\/dpp_005.JPG\" alt=\"\" \/><img class=\"skip-lazy no-lazyload noLazy\" data-lazy-src=\"\" src =\"https:\/\/unser-niedersaubach.de\/wp-content\/flagallery\/einsegnung-feuerwehrauto-2020\/dpp_006.JPG\" alt=\"\" \/><img class=\"skip-lazy no-lazyload noLazy\" data-lazy-src=\"\" src =\"https:\/\/unser-niedersaubach.de\/wp-content\/flagallery\/einsegnung-feuerwehrauto-2020\/dpp_007.JPG\" alt=\"\" \/><img class=\"skip-lazy no-lazyload noLazy\" data-lazy-src=\"\" src =\"https:\/\/unser-niedersaubach.de\/wp-content\/flagallery\/einsegnung-feuerwehrauto-2020\/dpp_008.JPG\" alt=\"\" \/><\/noscript><\/div>\n","protected":false},"excerpt":{"rendered":"<p>Am Samstag (04.07.2020) wurde das neue Feuerwehrauto von Niedersaubach eingesegnet. Leider musste Corona bedingt die Einsegnung im kleinen Kreis durchgef\u00fchrt werden (geschlossene Gesellschaft). Die Feuerwehr h\u00e4tte sehr sehr gerne ein gro\u00dfes Fest mit den Niedersaubacher B\u00fcrgern gefeiert. Das war leider &hellip; <a href=\"https:\/\/unser-niedersaubach.de\/?p=7922\">Weiterlesen <span class=\"meta-nav\">&rarr;<\/span><\/a><\/p>\n","protected":false},"author":2,"featured_media":7923,"comment_status":"closed","ping_status":"closed","sticky":false,"template":"","format":"gallery","meta":{"ngg_post_thumbnail":0,"footnotes":""},"categories":[66,71,188],"tags":[464,554],"class_list":["post-7922","post","type-post","status-publish","format-gallery","has-post-thumbnail","hentry","category-bilder","category-festveranstaltung","category-feuerwehr","tag-einsegnung","tag-feuerwehrauto","post_format-post-format-gallery"],"_links":{"self":[{"href":"https:\/\/unser-niedersaubach.de\/index.php?rest_route=\/wp\/v2\/posts\/7922","targetHints":{"allow":["GET"]}}],"collection":[{"href":"https:\/\/unser-niedersaubach.de\/index.php?rest_route=\/wp\/v2\/posts"}],"about":[{"href":"https:\/\/unser-niedersaubach.de\/index.php?rest_route=\/wp\/v2\/types\/post"}],"author":[{"embeddable":true,"href":"https:\/\/unser-niedersaubach.de\/index.php?rest_route=\/wp\/v2\/users\/2"}],"replies":[{"embeddable":true,"href":"https:\/\/unser-niedersaubach.de\/index.php?rest_route=%2Fwp%2Fv2%2Fcomments&post=7922"}],"version-history":[{"count":3,"href":"https:\/\/unser-niedersaubach.de\/index.php?rest_route=\/wp\/v2\/posts\/7922\/revisions"}],"predecessor-version":[{"id":7927,"href":"https:\/\/unser-niedersaubach.de\/index.php?rest_route=\/wp\/v2\/posts\/7922\/revisions\/7927"}],"wp:featuredmedia":[{"embeddable":true,"href":"https:\/\/unser-niedersaubach.de\/index.php?rest_route=\/wp\/v2\/media\/7923"}],"wp:attachment":[{"href":"https:\/\/unser-niedersaubach.de\/index.php?rest_route=%2Fwp%2Fv2%2Fmedia&parent=7922"}],"wp:term":[{"taxonomy":"category","embeddable":true,"href":"https:\/\/unser-niedersaubach.de\/index.php?rest_route=%2Fwp%2Fv2%2Fcategories&post=7922"},{"taxonomy":"post_tag","embeddable":true,"href":"https:\/\/unser-niedersaubach.de\/index.php?rest_route=%2Fwp%2Fv2%2Ftags&post=7922"}],"curies":[{"name":"wp","href":"https:\/\/api.w.org\/{rel}","templated":true}]}}