{"id":8852,"date":"2021-09-09T16:46:24","date_gmt":"2021-09-09T15:46:24","guid":{"rendered":"https:\/\/unser-niedersaubach.de\/?p=8852"},"modified":"2021-09-20T14:37:15","modified_gmt":"2021-09-20T13:37:15","slug":"schedlersch-haus-in-der-heck","status":"publish","type":"post","link":"https:\/\/unser-niedersaubach.de\/?p=8852","title":{"rendered":"Schedlersch Haus in der Heck"},"content":{"rendered":"\n<p>Ein Beitrag von Uwe Faber<\/p>\n\n\n\n<p>Liebe Onkel und Tanten, euer Elternhaus (Schedler) in Niedersaubach, gebaut laut Inschrift 1868, ca.1935 teilweise ausgebrannt und neu aufgebaut. <\/p>\n\n\n\n<figure class=\"wp-block-image size-large\"><a href=\"https:\/\/unser-niedersaubach.de\/wp-content\/uploads\/2021\/09\/Schedlersch_1.jpg\" target=\"_blank\" rel=\"noopener\"><img loading=\"lazy\" decoding=\"async\" width=\"1024\" height=\"786\" src=\"https:\/\/unser-niedersaubach.de\/wp-content\/uploads\/2021\/09\/Schedlersch_1-1024x786.jpg\" alt=\"\" class=\"wp-image-8853\" srcset=\"https:\/\/unser-niedersaubach.de\/wp-content\/uploads\/2021\/09\/Schedlersch_1-1024x786.jpg 1024w, https:\/\/unser-niedersaubach.de\/wp-content\/uploads\/2021\/09\/Schedlersch_1-300x230.jpg 300w, https:\/\/unser-niedersaubach.de\/wp-content\/uploads\/2021\/09\/Schedlersch_1-768x590.jpg 768w, https:\/\/unser-niedersaubach.de\/wp-content\/uploads\/2021\/09\/Schedlersch_1-391x300.jpg 391w, https:\/\/unser-niedersaubach.de\/wp-content\/uploads\/2021\/09\/Schedlersch_1.jpg 1319w\" sizes=\"auto, (max-width: 1024px) 100vw, 1024px\" \/><\/a><figcaption>\u00a9 Uwe Faber<\/figcaption><\/figure>\n\n\n\n<figure class=\"wp-block-image size-large\"><a href=\"https:\/\/unser-niedersaubach.de\/wp-content\/uploads\/2021\/09\/Schedlersch_2.jpg\" target=\"_blank\" rel=\"noopener\"><img loading=\"lazy\" decoding=\"async\" width=\"1024\" height=\"730\" src=\"https:\/\/unser-niedersaubach.de\/wp-content\/uploads\/2021\/09\/Schedlersch_2-1024x730.jpg\" alt=\"\" class=\"wp-image-8854\" srcset=\"https:\/\/unser-niedersaubach.de\/wp-content\/uploads\/2021\/09\/Schedlersch_2-1024x730.jpg 1024w, https:\/\/unser-niedersaubach.de\/wp-content\/uploads\/2021\/09\/Schedlersch_2-300x214.jpg 300w, https:\/\/unser-niedersaubach.de\/wp-content\/uploads\/2021\/09\/Schedlersch_2-768x547.jpg 768w, https:\/\/unser-niedersaubach.de\/wp-content\/uploads\/2021\/09\/Schedlersch_2-1536x1094.jpg 1536w, https:\/\/unser-niedersaubach.de\/wp-content\/uploads\/2021\/09\/Schedlersch_2-421x300.jpg 421w, https:\/\/unser-niedersaubach.de\/wp-content\/uploads\/2021\/09\/Schedlersch_2.jpg 1962w\" sizes=\"auto, (max-width: 1024px) 100vw, 1024px\" \/><\/a><figcaption>\u00a9 Uwe Faber<\/figcaption><\/figure>\n\n\n\n<p>Auf dem Foto k\u00f6nnte Opa Mathias mit seiner ersten Frau und den Kindern &#8222;Heinrich und Martha&#8220; zu sehen sein.<\/p>\n\n\n\n<p>1936 gab es dann zwei Stockwerke. Im 2. Weltkrieg stand vor dem Scheunentor eine 88 mm Flack. In diesem Zusammenhang hatten wir schon einmal \u00fcber den tragischen Tod von Herbert Neis (Lebsen) berichtet, der von fliehenden deutschen Soldaten versehentlich bei Schedlersch, wo die deutsche Artillerie ein Gesch\u00fctz aufgebaut hatte, in die Luft gesprengt wurde. Amerikanische Sanit\u00e4ter versuchten vergebens, in einem Notlazarett oben bei Tanneck sein Leben zu retten.<\/p>\n\n\n\n<p><a rel=\"noreferrer noopener\" href=\"https:\/\/unser-niedersaubach.de\/?p=6860&amp;fbclid=IwAR1QyX6G_igUODVPgx6dH-TubqOFucR1_l1b3EKUewKB0ar4E-KFGsmNjwA\" target=\"_blank\">https:\/\/unser-niedersaubach.de\/?p=6860<\/a><\/p>\n\n\n\n<p>P.S.:<\/p>\n\n\n\n<p>In Schedlerschhaus spielt auch das legend\u00e4re Volksst\u00fcck von Grawe Jupp (Josef Sch\u00e4fer) &#8222;Der letzte Wolf &#8211; oder die Schlacht an der Wolweskaul&#8220; in der Gastwirtschaft vom Hecker Matz:<br><\/p>\n\n\n\n<p><blockquote class=\"wp-embedded-content\" data-secret=\"iSOf3p23eJ\"><a href=\"https:\/\/unser-niedersaubach.de\/?p=4932\">Die Schlacht an der Wolfskaul  &#8211; wunderbare Filmaufnahme von Richard Kallenborn<\/a><\/blockquote><iframe loading=\"lazy\" class=\"wp-embedded-content\" sandbox=\"allow-scripts\" security=\"restricted\" style=\"position: absolute; clip: rect(1px, 1px, 1px, 1px);\" title=\"&#8222;Die Schlacht an der Wolfskaul &lt;br&gt; &#8211; wunderbare Filmaufnahme von Richard Kallenborn&#8220; &#8212; Unser Heimatdorf Niedersaubach-R\u00fcmmelbach\" src=\"https:\/\/unser-niedersaubach.de\/?p=4932&#038;embed=true#?secret=2VYt7IDi0h#?secret=iSOf3p23eJ\" data-secret=\"iSOf3p23eJ\" width=\"584\" height=\"329\" frameborder=\"0\" marginwidth=\"0\" marginheight=\"0\" scrolling=\"no\"><\/iframe><\/p>\n\n\n\n<p><\/p>\n","protected":false},"excerpt":{"rendered":"<p>Ein Beitrag von Uwe Faber Liebe Onkel und Tanten, euer Elternhaus (Schedler) in Niedersaubach, gebaut laut Inschrift 1868, ca.1935 teilweise ausgebrannt und neu aufgebaut. Auf dem Foto k\u00f6nnte Opa Mathias mit seiner ersten Frau und den Kindern &#8222;Heinrich und Martha&#8220; &hellip; <a href=\"https:\/\/unser-niedersaubach.de\/?p=8852\">Weiterlesen <span class=\"meta-nav\">&rarr;<\/span><\/a><\/p>\n","protected":false},"author":2,"featured_media":8854,"comment_status":"closed","ping_status":"closed","sticky":false,"template":"","format":"gallery","meta":{"ngg_post_thumbnail":0,"footnotes":""},"categories":[145],"tags":[561,560],"class_list":["post-8852","post","type-post","status-publish","format-gallery","has-post-thumbnail","hentry","category-familien","tag-heck","tag-schedlersch","post_format-post-format-gallery"],"_links":{"self":[{"href":"https:\/\/unser-niedersaubach.de\/index.php?rest_route=\/wp\/v2\/posts\/8852","targetHints":{"allow":["GET"]}}],"collection":[{"href":"https:\/\/unser-niedersaubach.de\/index.php?rest_route=\/wp\/v2\/posts"}],"about":[{"href":"https:\/\/unser-niedersaubach.de\/index.php?rest_route=\/wp\/v2\/types\/post"}],"author":[{"embeddable":true,"href":"https:\/\/unser-niedersaubach.de\/index.php?rest_route=\/wp\/v2\/users\/2"}],"replies":[{"embeddable":true,"href":"https:\/\/unser-niedersaubach.de\/index.php?rest_route=%2Fwp%2Fv2%2Fcomments&post=8852"}],"version-history":[{"count":3,"href":"https:\/\/unser-niedersaubach.de\/index.php?rest_route=\/wp\/v2\/posts\/8852\/revisions"}],"predecessor-version":[{"id":8857,"href":"https:\/\/unser-niedersaubach.de\/index.php?rest_route=\/wp\/v2\/posts\/8852\/revisions\/8857"}],"wp:featuredmedia":[{"embeddable":true,"href":"https:\/\/unser-niedersaubach.de\/index.php?rest_route=\/wp\/v2\/media\/8854"}],"wp:attachment":[{"href":"https:\/\/unser-niedersaubach.de\/index.php?rest_route=%2Fwp%2Fv2%2Fmedia&parent=8852"}],"wp:term":[{"taxonomy":"category","embeddable":true,"href":"https:\/\/unser-niedersaubach.de\/index.php?rest_route=%2Fwp%2Fv2%2Fcategories&post=8852"},{"taxonomy":"post_tag","embeddable":true,"href":"https:\/\/unser-niedersaubach.de\/index.php?rest_route=%2Fwp%2Fv2%2Ftags&post=8852"}],"curies":[{"name":"wp","href":"https:\/\/api.w.org\/{rel}","templated":true}]}}