{"id":8912,"date":"2021-10-14T19:01:09","date_gmt":"2021-10-14T18:01:09","guid":{"rendered":"https:\/\/unser-niedersaubach.de\/?p=8912"},"modified":"2022-05-31T06:25:11","modified_gmt":"2022-05-31T05:25:11","slug":"glasfaser-deutschland","status":"publish","type":"post","link":"https:\/\/unser-niedersaubach.de\/?p=8912","title":{"rendered":"Glasfaser Deutschland"},"content":{"rendered":"\n<h2 class=\"wp-block-heading\">Blick in die Zukunft: Superschnelles Internet f\u00fcr unser Dorf<\/h2>\n\n\n\n<h2 class=\"wp-block-heading\">B\u00fcrgerversammlung am 30. Oktober im Antoniusheim<\/h2>\n\n\n\n<figure class=\"wp-block-image size-large\"><a href=\"https:\/\/unser-niedersaubach.de\/wp-content\/uploads\/2021\/10\/Glasfaser-fuer-Lebach.pdf\" target=\"_blank\" rel=\"noopener\"><img loading=\"lazy\" decoding=\"async\" width=\"725\" height=\"1024\" src=\"https:\/\/unser-niedersaubach.de\/wp-content\/uploads\/2021\/10\/Zukunft_Glasfaser_Page_1-1-725x1024.jpeg\" alt=\"\" class=\"wp-image-8919\" srcset=\"https:\/\/unser-niedersaubach.de\/wp-content\/uploads\/2021\/10\/Zukunft_Glasfaser_Page_1-1-725x1024.jpeg 725w, https:\/\/unser-niedersaubach.de\/wp-content\/uploads\/2021\/10\/Zukunft_Glasfaser_Page_1-1-212x300.jpeg 212w, https:\/\/unser-niedersaubach.de\/wp-content\/uploads\/2021\/10\/Zukunft_Glasfaser_Page_1-1-768x1085.jpeg 768w, https:\/\/unser-niedersaubach.de\/wp-content\/uploads\/2021\/10\/Zukunft_Glasfaser_Page_1-1-1087x1536.jpeg 1087w, https:\/\/unser-niedersaubach.de\/wp-content\/uploads\/2021\/10\/Zukunft_Glasfaser_Page_1-1.jpeg 1181w\" sizes=\"auto, (max-width: 725px) 100vw, 725px\" \/><\/a><\/figure>\n\n\n\n<p><strong>B\u00fcrger-Versammlung im Antoniusheim<\/strong><\/p>\n\n\n\n<p><strong>am 30.10.2021 um 16.00 Uhr<\/strong><\/p>\n\n\n\n<p><strong>Thema:<\/strong><\/p>\n\n\n\n<p><strong>Blick in die Zukunft: <\/strong><strong>Superschnelles Internet f\u00fcr unser Dorf<\/strong><\/p>\n\n\n\n<p><strong>Im Podium<a><\/a><\/strong><\/p>\n\n\n\n<p>1. Hans Schmitz, Ortsvorsteher, Begr\u00fc\u00dfung<br>2. Klauspeter Brill, B\u00fcrgermeister, Sitzungsleitung<br>3. Anthony Dassie, Deutsche Glasfaser, Projektvorstellung<br>4. Prof. Ivica Macsimovic, HBK Saarbr\u00fccken, Werbung<br>5. Bernd K\u00f6nigl, IT-Fachmann, Mitb\u00fcrger<br>6. Toni Bartz, Webmaster, Stadtverwaltung <br>7. Michael Dewes, Ortsrat <br>8. Elmar Sch\u00fctzek, Ortsrat<\/p>\n\n\n\n<p><\/p>\n\n\n\n<p><strong>Des Weiteren:<\/strong><\/p>\n\n\n\n<p>Unser Niedersaubach bildet mit weiteren Stadtteilen ein so-genanntes <strong>Polygon<\/strong>. Dieses muss&nbsp; zusammen 40% Anmeldungen f\u00fcr das schnelle Internet von &#8222;Deutsche Glasfaser&#8220; bis Mitte Dezember ordern. Wir laden die Ortsvorsteher\/in dieser Stadtteile ebenfalls herzlich zu unserer Versammlung ein: Thomas Reuter (Lebach), Melanie B\u00f6sen (Knorscheid), Dr. Tobias Weber (Landsweiler) und Maik M\u00fcller (Eidenborn).<\/p>\n\n\n\n<p><em>Werner Schmidt, Kulturbeauftragter unseres Heimatvereines &nbsp;&nbsp;<\/em>&nbsp;&nbsp;&nbsp;<\/p>\n\n\n\n<p class=\"has-large-font-size\"><strong><span style=\"color:#a30009\" class=\"has-inline-color\">Bitte beim Besuch der Veranstaltung die \u201e3G-Regeln\u201c beachten!<\/span><\/strong><\/p>\n\n\n\n<h2 class=\"has-huge-font-size wp-block-heading\"><a rel=\"noreferrer noopener\" href=\"https:\/\/www.lebach.de\/lebach\/glasfaser-ausbau\/\" data-type=\"URL\" target=\"_blank\">Hier gibt es Hintergrundinformationen zum Glasfaserprojekt in der Stadt Lebach.<\/a><\/h2>\n\n\n\n<p class=\"has-text-color has-large-font-size\" style=\"color:#0d9953\"><strong><a href=\"https:\/\/unser-niedersaubach.de\/wp-content\/uploads\/2021\/10\/Glasfaser-fuer-Lebach.pdf\" target=\"_blank\" rel=\"noreferrer noopener\">Hier stellt sich die Deutsche Glasfaser und ihr Zukunftsprojekt f\u00fcr unsere Stadtteile vor.<\/a><\/strong><\/p>\n\n\n\n<figure class=\"wp-block-image size-large\"><a href=\"https:\/\/unser-niedersaubach.de\/wp-content\/uploads\/2021\/10\/Servicepunkt_Page_1.jpeg\" target=\"_blank\" rel=\"noopener\"><img loading=\"lazy\" decoding=\"async\" width=\"689\" height=\"1024\" src=\"https:\/\/unser-niedersaubach.de\/wp-content\/uploads\/2021\/10\/Servicepunkt_Page_1-689x1024.jpeg\" alt=\"\" class=\"wp-image-8957\" srcset=\"https:\/\/unser-niedersaubach.de\/wp-content\/uploads\/2021\/10\/Servicepunkt_Page_1-689x1024.jpeg 689w, https:\/\/unser-niedersaubach.de\/wp-content\/uploads\/2021\/10\/Servicepunkt_Page_1-202x300.jpeg 202w, https:\/\/unser-niedersaubach.de\/wp-content\/uploads\/2021\/10\/Servicepunkt_Page_1-768x1142.jpeg 768w, https:\/\/unser-niedersaubach.de\/wp-content\/uploads\/2021\/10\/Servicepunkt_Page_1-1033x1536.jpeg 1033w, https:\/\/unser-niedersaubach.de\/wp-content\/uploads\/2021\/10\/Servicepunkt_Page_1-1377x2048.jpeg 1377w, https:\/\/unser-niedersaubach.de\/wp-content\/uploads\/2021\/10\/Servicepunkt_Page_1.jpeg 1456w\" sizes=\"auto, (max-width: 689px) 100vw, 689px\" \/><\/a><\/figure>\n","protected":false},"excerpt":{"rendered":"<p>Blick in die Zukunft: Superschnelles Internet f\u00fcr unser Dorf B\u00fcrgerversammlung am 30. Oktober im Antoniusheim B\u00fcrger-Versammlung im Antoniusheim am 30.10.2021 um 16.00 Uhr Thema: Blick in die Zukunft: Superschnelles Internet f\u00fcr unser Dorf Im Podium 1. Hans Schmitz, Ortsvorsteher, Begr\u00fc\u00dfung2. &hellip; <a href=\"https:\/\/unser-niedersaubach.de\/?p=8912\">Weiterlesen <span class=\"meta-nav\">&rarr;<\/span><\/a><\/p>\n","protected":false},"author":2,"featured_media":8919,"comment_status":"closed","ping_status":"closed","sticky":false,"template":"","format":"gallery","meta":{"ngg_post_thumbnail":0,"footnotes":""},"categories":[72,17,319],"tags":[],"class_list":["post-8912","post","type-post","status-publish","format-gallery","has-post-thumbnail","hentry","category-dorfgemeinschaft","category-gemeinde","category-infrastruktur","post_format-post-format-gallery"],"_links":{"self":[{"href":"https:\/\/unser-niedersaubach.de\/index.php?rest_route=\/wp\/v2\/posts\/8912","targetHints":{"allow":["GET"]}}],"collection":[{"href":"https:\/\/unser-niedersaubach.de\/index.php?rest_route=\/wp\/v2\/posts"}],"about":[{"href":"https:\/\/unser-niedersaubach.de\/index.php?rest_route=\/wp\/v2\/types\/post"}],"author":[{"embeddable":true,"href":"https:\/\/unser-niedersaubach.de\/index.php?rest_route=\/wp\/v2\/users\/2"}],"replies":[{"embeddable":true,"href":"https:\/\/unser-niedersaubach.de\/index.php?rest_route=%2Fwp%2Fv2%2Fcomments&post=8912"}],"version-history":[{"count":19,"href":"https:\/\/unser-niedersaubach.de\/index.php?rest_route=\/wp\/v2\/posts\/8912\/revisions"}],"predecessor-version":[{"id":8961,"href":"https:\/\/unser-niedersaubach.de\/index.php?rest_route=\/wp\/v2\/posts\/8912\/revisions\/8961"}],"wp:featuredmedia":[{"embeddable":true,"href":"https:\/\/unser-niedersaubach.de\/index.php?rest_route=\/wp\/v2\/media\/8919"}],"wp:attachment":[{"href":"https:\/\/unser-niedersaubach.de\/index.php?rest_route=%2Fwp%2Fv2%2Fmedia&parent=8912"}],"wp:term":[{"taxonomy":"category","embeddable":true,"href":"https:\/\/unser-niedersaubach.de\/index.php?rest_route=%2Fwp%2Fv2%2Fcategories&post=8912"},{"taxonomy":"post_tag","embeddable":true,"href":"https:\/\/unser-niedersaubach.de\/index.php?rest_route=%2Fwp%2Fv2%2Ftags&post=8912"}],"curies":[{"name":"wp","href":"https:\/\/api.w.org\/{rel}","templated":true}]}}