{"id":9009,"date":"2023-01-20T15:58:38","date_gmt":"2023-01-20T14:58:38","guid":{"rendered":"https:\/\/unser-niedersaubach.de\/?p=9009"},"modified":"2023-03-03T13:58:19","modified_gmt":"2023-03-03T12:58:19","slug":"veranstaltungsprogramm-2023","status":"publish","type":"post","link":"https:\/\/unser-niedersaubach.de\/?p=9009","title":{"rendered":"Veranstaltungsprogramm 2023"},"content":{"rendered":"\n<p>In seiner konstituierenden Vorstandssitzung am 11. Januar 2023 hat der Kultur- und Heimatverein \u201eUnser Niedersaubach\u201c die Termine abgestimmt, an denen die Dorfvereine gemeinsam die lieb gewordenen Veranstaltungen durchf\u00fchren und neue auszuprobieren. Vorab: Der Veranstaltungsplan ist sehr ambitioniert und vielf\u00e4ltig.<\/p>\n\n\n\n<figure class=\"wp-block-image size-large\"><a href=\"https:\/\/unser-niedersaubach.de\/wp-content\/uploads\/2023\/01\/Vorstand_Unser-Niedersaubach.jpg\" target=\"_blank\" rel=\"noreferrer noopener\"><img loading=\"lazy\" decoding=\"async\" width=\"1024\" height=\"771\" src=\"https:\/\/unser-niedersaubach.de\/wp-content\/uploads\/2023\/01\/Vorstand_Unser-Niedersaubach-1024x771.jpg\" alt=\"\" class=\"wp-image-9010\" srcset=\"https:\/\/unser-niedersaubach.de\/wp-content\/uploads\/2023\/01\/Vorstand_Unser-Niedersaubach-1024x771.jpg 1024w, https:\/\/unser-niedersaubach.de\/wp-content\/uploads\/2023\/01\/Vorstand_Unser-Niedersaubach-300x226.jpg 300w, https:\/\/unser-niedersaubach.de\/wp-content\/uploads\/2023\/01\/Vorstand_Unser-Niedersaubach-768x578.jpg 768w, https:\/\/unser-niedersaubach.de\/wp-content\/uploads\/2023\/01\/Vorstand_Unser-Niedersaubach-399x300.jpg 399w, https:\/\/unser-niedersaubach.de\/wp-content\/uploads\/2023\/01\/Vorstand_Unser-Niedersaubach.jpg 1245w\" sizes=\"auto, (max-width: 1024px) 100vw, 1024px\" \/><\/a><\/figure>\n\n\n\n<p><sup>Neuer Vorstand (v.r.n.l.): Vorsitzender Hans Schmitz mit seinen Stellvertretern Daniel Linnenbach, Lothar Schmidt, Harald Sch\u00e4fer und Michael Luckhaus<\/sup><\/p>\n\n\n\n<h1 class=\"wp-block-heading\">Flyer wird verteilt<\/h1>\n\n\n\n<p>Man ist nun dabei, in einem Flyer diesen Veranstaltungsplan unter die Leute zu bringen; er soll Mitte\/ Ende Februar erscheinen.<\/p>\n\n\n\n<p>Das Jahr ist bereits am 8. Januar im Sportlerh\u00e4uschen er\u00f6ffnet worden mit einem \u201eWintercaf\u00e9\u201c, das sehr viel Anklang fand. Man w\u00fcnscht sich allseits eine Wiederholung im n\u00e4chsten Jahr. Weiter geht es dann zun\u00e4chst am Samstag, 11. Februar, mit der Seniorenfasend in Homes und am Rosenmontag mit der Kinderfasend im Antoniusheim (hierzu wird noch gesondert eingeladen).<\/p>\n\n\n\n<h1 class=\"wp-block-heading\">B\u00fcrgertreff<\/h1>\n\n\n\n<p>Unser Vorsitzender, Ortsvorsteher Hans Schmitz, wird zuk\u00fcnftig im Antoniusheim (im Sommer bei sch\u00f6nem Wetter auf dem Peter-Adam-Platz) jeden Donnerstag zwischen 15 Uhr und 19 Uhr einen B\u00fcrgertreff durchf\u00fchren; er dient der Pflege der Dorfgemeinschaft, soll aber auch Fragen zum Dorfgeschehen beantworten oder in sozialrechtlichen Fragen Orientierungshilfen geben.<\/p>\n\n\n\n<h1 class=\"wp-block-heading\">Grundsteuererkl\u00e4rung<\/h1>\n\n\n\n<p>So sollen am Donnerstag, 26. Januar 2023, zwischen 15 Uhr und 19 Uhr zwei Steuerfachleute vor Ort sein, die helfen k\u00f6nnen, die leidigen Formulare zur Grundsteuererkl\u00e4rung auszuf\u00fcllen. So mancher hat sich schon verzweifelt an uns gewandt, weil er keinen elektronischen Elster-Zugang hat oder einfach die Fragen auf den Erhebungspapieren nicht versteht. Sie sind ja auch wirklich nicht leicht verst\u00e4ndlich.<\/p>\n\n\n\n<p>Wir freuen uns auf das neue Jahr mit vielen interessanten Veranstaltungen und sch\u00f6nen Begegnungen.<\/p>\n","protected":false},"excerpt":{"rendered":"<p>In seiner konstituierenden Vorstandssitzung am 11. Januar 2023 hat der Kultur- und Heimatverein \u201eUnser Niedersaubach\u201c die Termine abgestimmt, an denen die Dorfvereine gemeinsam die lieb gewordenen Veranstaltungen durchf\u00fchren und neue auszuprobieren. Vorab: Der Veranstaltungsplan ist sehr ambitioniert und vielf\u00e4ltig. Neuer &hellip; <a href=\"https:\/\/unser-niedersaubach.de\/?p=9009\">Weiterlesen <span class=\"meta-nav\">&rarr;<\/span><\/a><\/p>\n","protected":false},"author":2,"featured_media":0,"comment_status":"closed","ping_status":"closed","sticky":false,"template":"","format":"gallery","meta":{"ngg_post_thumbnail":0,"footnotes":""},"categories":[72],"tags":[],"class_list":["post-9009","post","type-post","status-publish","format-gallery","hentry","category-dorfgemeinschaft","post_format-post-format-gallery"],"_links":{"self":[{"href":"https:\/\/unser-niedersaubach.de\/index.php?rest_route=\/wp\/v2\/posts\/9009","targetHints":{"allow":["GET"]}}],"collection":[{"href":"https:\/\/unser-niedersaubach.de\/index.php?rest_route=\/wp\/v2\/posts"}],"about":[{"href":"https:\/\/unser-niedersaubach.de\/index.php?rest_route=\/wp\/v2\/types\/post"}],"author":[{"embeddable":true,"href":"https:\/\/unser-niedersaubach.de\/index.php?rest_route=\/wp\/v2\/users\/2"}],"replies":[{"embeddable":true,"href":"https:\/\/unser-niedersaubach.de\/index.php?rest_route=%2Fwp%2Fv2%2Fcomments&post=9009"}],"version-history":[{"count":2,"href":"https:\/\/unser-niedersaubach.de\/index.php?rest_route=\/wp\/v2\/posts\/9009\/revisions"}],"predecessor-version":[{"id":9012,"href":"https:\/\/unser-niedersaubach.de\/index.php?rest_route=\/wp\/v2\/posts\/9009\/revisions\/9012"}],"wp:attachment":[{"href":"https:\/\/unser-niedersaubach.de\/index.php?rest_route=%2Fwp%2Fv2%2Fmedia&parent=9009"}],"wp:term":[{"taxonomy":"category","embeddable":true,"href":"https:\/\/unser-niedersaubach.de\/index.php?rest_route=%2Fwp%2Fv2%2Fcategories&post=9009"},{"taxonomy":"post_tag","embeddable":true,"href":"https:\/\/unser-niedersaubach.de\/index.php?rest_route=%2Fwp%2Fv2%2Ftags&post=9009"}],"curies":[{"name":"wp","href":"https:\/\/api.w.org\/{rel}","templated":true}]}}