{"id":9021,"date":"2023-01-29T12:40:28","date_gmt":"2023-01-29T11:40:28","guid":{"rendered":"https:\/\/unser-niedersaubach.de\/?p=9021"},"modified":"2023-03-03T13:56:51","modified_gmt":"2023-03-03T12:56:51","slug":"einladung-zur-errichtung-des-storchennestes-auf-dem-alten-windradturm","status":"publish","type":"post","link":"https:\/\/unser-niedersaubach.de\/?p=9021","title":{"rendered":"<strong>Einladung zur Errichtung des Storchennestes auf dem alten Windradturm<\/strong>"},"content":{"rendered":"\n<p>Am <strong>04.02.2023<\/strong> wird auf dem alten Windradturm des Grundst\u00fccks von Alois Schneiders ein Storchennest aufgestellt.<\/p>\n\n\n\n<figure class=\"wp-block-image size-large\"><a href=\"https:\/\/unser-niedersaubach.de\/wp-content\/uploads\/2023\/01\/Nest_final_ohne-Fehler_Page_1-scaled.jpeg\" target=\"_blank\" rel=\"noreferrer noopener\"><img loading=\"lazy\" decoding=\"async\" width=\"724\" height=\"1024\" src=\"https:\/\/unser-niedersaubach.de\/wp-content\/uploads\/2023\/01\/Nest_final_ohne-Fehler_Page_1-724x1024.jpeg\" alt=\"\" class=\"wp-image-9022\" srcset=\"https:\/\/unser-niedersaubach.de\/wp-content\/uploads\/2023\/01\/Nest_final_ohne-Fehler_Page_1-724x1024.jpeg 724w, https:\/\/unser-niedersaubach.de\/wp-content\/uploads\/2023\/01\/Nest_final_ohne-Fehler_Page_1-212x300.jpeg 212w, https:\/\/unser-niedersaubach.de\/wp-content\/uploads\/2023\/01\/Nest_final_ohne-Fehler_Page_1-768x1086.jpeg 768w, https:\/\/unser-niedersaubach.de\/wp-content\/uploads\/2023\/01\/Nest_final_ohne-Fehler_Page_1-1086x1536.jpeg 1086w, https:\/\/unser-niedersaubach.de\/wp-content\/uploads\/2023\/01\/Nest_final_ohne-Fehler_Page_1-1448x2048.jpeg 1448w, https:\/\/unser-niedersaubach.de\/wp-content\/uploads\/2023\/01\/Nest_final_ohne-Fehler_Page_1-scaled.jpeg 1810w\" sizes=\"auto, (max-width: 724px) 100vw, 724px\" \/><\/a><\/figure>\n\n\n\n<p>Im Rahmen der UNESCO Projektwoche des Geschwister-Scholl-Gymnasiums Lebach (GSG) bauten insgesamt 10 Sch\u00fclerinnen und Sch\u00fcler mit ihrer Lehrerin Frau Speicher das Nest. Ziel war es, dass St\u00f6rche wieder in Niedersaubach angesiedelt werden. Dazu wurden Bretter gestrichen, geschraubt, ges\u00e4gt, Weiden geschnitten und ein gro\u00dfer Korb geflochten. Finanziert wurde das Projekt vom Verein der Freunde und F\u00f6rderer des GSG Lebach. Auch die Firma Obi Schmelz sponserte 50 Euro dazu. Ein herzliches Dankesch\u00f6n an alle Unterst\u00fctzer, die das Projekt erst m\u00f6glich gemacht haben. Dazu z\u00e4hlt auch der NABU.<\/p>\n\n\n\n<figure class=\"wp-block-image size-large\"><a href=\"https:\/\/unser-niedersaubach.de\/wp-content\/uploads\/2023\/01\/Nest_final_ohne-Fehler_Page_2-scaled.jpeg\" target=\"_blank\" rel=\"noreferrer noopener\"><img loading=\"lazy\" decoding=\"async\" width=\"724\" height=\"1024\" src=\"https:\/\/unser-niedersaubach.de\/wp-content\/uploads\/2023\/01\/Nest_final_ohne-Fehler_Page_2-724x1024.jpeg\" alt=\"\" class=\"wp-image-9023\" srcset=\"https:\/\/unser-niedersaubach.de\/wp-content\/uploads\/2023\/01\/Nest_final_ohne-Fehler_Page_2-724x1024.jpeg 724w, https:\/\/unser-niedersaubach.de\/wp-content\/uploads\/2023\/01\/Nest_final_ohne-Fehler_Page_2-212x300.jpeg 212w, https:\/\/unser-niedersaubach.de\/wp-content\/uploads\/2023\/01\/Nest_final_ohne-Fehler_Page_2-768x1086.jpeg 768w, https:\/\/unser-niedersaubach.de\/wp-content\/uploads\/2023\/01\/Nest_final_ohne-Fehler_Page_2-1086x1536.jpeg 1086w, https:\/\/unser-niedersaubach.de\/wp-content\/uploads\/2023\/01\/Nest_final_ohne-Fehler_Page_2-1448x2048.jpeg 1448w, https:\/\/unser-niedersaubach.de\/wp-content\/uploads\/2023\/01\/Nest_final_ohne-Fehler_Page_2-scaled.jpeg 1810w\" sizes=\"auto, (max-width: 724px) 100vw, 724px\" \/><\/a><\/figure>\n\n\n\n<p>Das Nest wird nun in einer kleinen <strong>Feierstunde <\/strong>durch das THW Lebach montiert. Die gesamte Bev\u00f6lkerung ist am 04.02.2023 <strong>ab 10.00 Uhr<\/strong> eingeladen, dem Geschehen beizuwohnen. F\u00fcr Essen und Trinken ist bestens gesorgt. Vom Peter-Adam-Platz aus, an welchem die Verk\u00f6stigung stattfindet, hat meine gute Sicht auf den Turm. Die Sch\u00fclerinnen und Sch\u00fcler sowie alle Beteiligten w\u00fcrden sich \u00fcber eine rege Teilnahme sehr freuen.<\/p>\n","protected":false},"excerpt":{"rendered":"<p>Am 04.02.2023 wird auf dem alten Windradturm des Grundst\u00fccks von Alois Schneiders ein Storchennest aufgestellt. Im Rahmen der UNESCO Projektwoche des Geschwister-Scholl-Gymnasiums Lebach (GSG) bauten insgesamt 10 Sch\u00fclerinnen und Sch\u00fcler mit ihrer Lehrerin Frau Speicher das Nest. Ziel war es, &hellip; <a href=\"https:\/\/unser-niedersaubach.de\/?p=9021\">Weiterlesen <span class=\"meta-nav\">&rarr;<\/span><\/a><\/p>\n","protected":false},"author":2,"featured_media":9022,"comment_status":"closed","ping_status":"closed","sticky":false,"template":"","format":"gallery","meta":{"ngg_post_thumbnail":0,"footnotes":""},"categories":[71,578],"tags":[500,581,579,580,582],"class_list":["post-9021","post","type-post","status-publish","format-gallery","has-post-thumbnail","hentry","category-festveranstaltung","category-naturschutz","tag-alois-schneiders","tag-gsg","tag-nabu","tag-storchennest","tag-thw","post_format-post-format-gallery"],"_links":{"self":[{"href":"https:\/\/unser-niedersaubach.de\/index.php?rest_route=\/wp\/v2\/posts\/9021","targetHints":{"allow":["GET"]}}],"collection":[{"href":"https:\/\/unser-niedersaubach.de\/index.php?rest_route=\/wp\/v2\/posts"}],"about":[{"href":"https:\/\/unser-niedersaubach.de\/index.php?rest_route=\/wp\/v2\/types\/post"}],"author":[{"embeddable":true,"href":"https:\/\/unser-niedersaubach.de\/index.php?rest_route=\/wp\/v2\/users\/2"}],"replies":[{"embeddable":true,"href":"https:\/\/unser-niedersaubach.de\/index.php?rest_route=%2Fwp%2Fv2%2Fcomments&post=9021"}],"version-history":[{"count":1,"href":"https:\/\/unser-niedersaubach.de\/index.php?rest_route=\/wp\/v2\/posts\/9021\/revisions"}],"predecessor-version":[{"id":9024,"href":"https:\/\/unser-niedersaubach.de\/index.php?rest_route=\/wp\/v2\/posts\/9021\/revisions\/9024"}],"wp:featuredmedia":[{"embeddable":true,"href":"https:\/\/unser-niedersaubach.de\/index.php?rest_route=\/wp\/v2\/media\/9022"}],"wp:attachment":[{"href":"https:\/\/unser-niedersaubach.de\/index.php?rest_route=%2Fwp%2Fv2%2Fmedia&parent=9021"}],"wp:term":[{"taxonomy":"category","embeddable":true,"href":"https:\/\/unser-niedersaubach.de\/index.php?rest_route=%2Fwp%2Fv2%2Fcategories&post=9021"},{"taxonomy":"post_tag","embeddable":true,"href":"https:\/\/unser-niedersaubach.de\/index.php?rest_route=%2Fwp%2Fv2%2Ftags&post=9021"}],"curies":[{"name":"wp","href":"https:\/\/api.w.org\/{rel}","templated":true}]}}