{"id":9156,"date":"2023-10-10T15:38:26","date_gmt":"2023-10-10T14:38:26","guid":{"rendered":"https:\/\/unser-niedersaubach.de\/?p=9156"},"modified":"2023-10-27T12:10:58","modified_gmt":"2023-10-27T11:10:58","slug":"einladung-zum-oktoberfest-am-21-oktober-2023-ab-18-uhr-im-antoniusheim","status":"publish","type":"post","link":"https:\/\/unser-niedersaubach.de\/?p=9156","title":{"rendered":"Einladung zum Oktoberfest am Samstag, 21. Oktober 2023, ab 18 Uhr im Antoniusheim"},"content":{"rendered":"\n<figure class=\"wp-block-image size-large\"><img loading=\"lazy\" decoding=\"async\" width=\"768\" height=\"1024\" src=\"https:\/\/unser-niedersaubach.de\/wp-content\/uploads\/2014\/12\/Hans-Schmitz-768x1024.jpg\" alt=\"\" class=\"wp-image-6800\" srcset=\"https:\/\/unser-niedersaubach.de\/wp-content\/uploads\/2014\/12\/Hans-Schmitz-768x1024.jpg 768w, https:\/\/unser-niedersaubach.de\/wp-content\/uploads\/2014\/12\/Hans-Schmitz-225x300.jpg 225w, https:\/\/unser-niedersaubach.de\/wp-content\/uploads\/2014\/12\/Hans-Schmitz.jpg 810w\" sizes=\"auto, (max-width: 768px) 100vw, 768px\" \/><figcaption class=\"wp-element-caption\">Hans Schmitz, Foto: Fercho<\/figcaption><\/figure>\n\n\n\n<p><strong>Liebe Mitb\u00fcrgerinnen, liebe Mitb\u00fcrger,<\/strong><\/p>\n\n\n\n<p>seit \u00fcber einem Jahr treffen wir uns donnerstags zum B\u00fcrgertreff, zu dem jeder kommen darf. Ich m\u00f6chte sie alle gerne zu einem Oktoberfest im Antoniusheim einladen, um unserem B\u00fcrgertreff einen sch\u00f6nen Abschluss zu geben, weil wir in der k\u00e4lteren Zeit vom Peter-Adam-Platz wieder ins Antoniusheim gehen.<\/p>\n\n\n\n<p>Seien sie herzlich willkommen, am<\/p>\n\n\n\n<p><strong>Samstag, 21.Oktober, ab 18.00 Uhr im Antoniusheim Niedersaubach<\/strong>.<\/p>\n\n\n\n<p>Genie\u00dfen Sie mit uns <strong>einen Oktoberfestabend mit dem Musiker Horst Irsch<\/strong> und bayrischen Wei\u00dfw\u00fcrsten und Brezen, Fleischk\u00e4se mit Weck.<\/p>\n\n\n\n<p>Ein Danke gilt allen die mich dabei unterst\u00fctzen. Der Erl\u00f6s des Abends wird unseren Vereinen zur Verf\u00fcgung gestellt.<\/p>\n\n\n\n<p>Ihr Ortsvorsteher Hans Schmitz<\/p>\n","protected":false},"excerpt":{"rendered":"<p>Liebe Mitb\u00fcrgerinnen, liebe Mitb\u00fcrger, seit \u00fcber einem Jahr treffen wir uns donnerstags zum B\u00fcrgertreff, zu dem jeder kommen darf. Ich m\u00f6chte sie alle gerne zu einem Oktoberfest im Antoniusheim einladen, um unserem B\u00fcrgertreff einen sch\u00f6nen Abschluss zu geben, weil wir &hellip; <a href=\"https:\/\/unser-niedersaubach.de\/?p=9156\">Weiterlesen <span class=\"meta-nav\">&rarr;<\/span><\/a><\/p>\n","protected":false},"author":2,"featured_media":0,"comment_status":"closed","ping_status":"closed","sticky":false,"template":"","format":"gallery","meta":{"ngg_post_thumbnail":0,"footnotes":""},"categories":[462,132],"tags":[],"class_list":["post-9156","post","type-post","status-publish","format-gallery","hentry","category-antoniusheim","category-veranstaltungen","post_format-post-format-gallery"],"_links":{"self":[{"href":"https:\/\/unser-niedersaubach.de\/index.php?rest_route=\/wp\/v2\/posts\/9156","targetHints":{"allow":["GET"]}}],"collection":[{"href":"https:\/\/unser-niedersaubach.de\/index.php?rest_route=\/wp\/v2\/posts"}],"about":[{"href":"https:\/\/unser-niedersaubach.de\/index.php?rest_route=\/wp\/v2\/types\/post"}],"author":[{"embeddable":true,"href":"https:\/\/unser-niedersaubach.de\/index.php?rest_route=\/wp\/v2\/users\/2"}],"replies":[{"embeddable":true,"href":"https:\/\/unser-niedersaubach.de\/index.php?rest_route=%2Fwp%2Fv2%2Fcomments&post=9156"}],"version-history":[{"count":3,"href":"https:\/\/unser-niedersaubach.de\/index.php?rest_route=\/wp\/v2\/posts\/9156\/revisions"}],"predecessor-version":[{"id":9159,"href":"https:\/\/unser-niedersaubach.de\/index.php?rest_route=\/wp\/v2\/posts\/9156\/revisions\/9159"}],"wp:attachment":[{"href":"https:\/\/unser-niedersaubach.de\/index.php?rest_route=%2Fwp%2Fv2%2Fmedia&parent=9156"}],"wp:term":[{"taxonomy":"category","embeddable":true,"href":"https:\/\/unser-niedersaubach.de\/index.php?rest_route=%2Fwp%2Fv2%2Fcategories&post=9156"},{"taxonomy":"post_tag","embeddable":true,"href":"https:\/\/unser-niedersaubach.de\/index.php?rest_route=%2Fwp%2Fv2%2Ftags&post=9156"}],"curies":[{"name":"wp","href":"https:\/\/api.w.org\/{rel}","templated":true}]}}