{"id":9261,"date":"2024-11-07T21:47:46","date_gmt":"2024-11-07T20:47:46","guid":{"rendered":"https:\/\/unser-niedersaubach.de\/?p=9261"},"modified":"2024-12-30T17:08:15","modified_gmt":"2024-12-30T16:08:15","slug":"weihnachtsmarkt-2","status":"publish","type":"post","link":"https:\/\/unser-niedersaubach.de\/?p=9261","title":{"rendered":"Weihnachtsmarkt"},"content":{"rendered":"\n<p class=\"has-white-color has-text-color has-background has-link-color wp-elements-8baea3472b6e4180f6a2135bfebf9d9f\" style=\"background-color:#8bc8f6\"><strong>am Samstag, 7. Dezember 2024, ab 11 Uhr gegen\u00fcber dem Peter-Adam-Platz vor dem Sportlerh\u00e4uschen<\/strong><\/p>\n\n\n\n<p>Einladung zum Schlemmen, St\u00f6bern, zu warmen Getr\u00e4nken und netten Begegnungen<\/p>\n\n\n\n<p class=\"has-white-color has-text-color has-background has-link-color wp-elements-c6c86cc63d067a71639c415fb5bdef22\" style=\"background-color:#f87474\"><strong>Um 17 Uhr besucht der Nikolaus die Kinder.<\/strong><\/p>\n\n\n\n<p>Musikalisch begleitet wird der Besuch des Nikolaus&#8216; vom Fanfarencorps &#8222;Die S\u00e4rkower&#8220; aus Hilbringen.<\/p>\n\n\n\n<figure class=\"wp-block-image size-large\"><img loading=\"lazy\" decoding=\"async\" width=\"1024\" height=\"742\" src=\"https:\/\/unser-niedersaubach.de\/wp-content\/uploads\/2016\/11\/Weihnachtsmarkt-2015-1024x742.jpg\" alt=\"\" class=\"wp-image-7265\" srcset=\"https:\/\/unser-niedersaubach.de\/wp-content\/uploads\/2016\/11\/Weihnachtsmarkt-2015-1024x742.jpg 1024w, https:\/\/unser-niedersaubach.de\/wp-content\/uploads\/2016\/11\/Weihnachtsmarkt-2015-300x217.jpg 300w, https:\/\/unser-niedersaubach.de\/wp-content\/uploads\/2016\/11\/Weihnachtsmarkt-2015-768x557.jpg 768w, https:\/\/unser-niedersaubach.de\/wp-content\/uploads\/2016\/11\/Weihnachtsmarkt-2015-414x300.jpg 414w, https:\/\/unser-niedersaubach.de\/wp-content\/uploads\/2016\/11\/Weihnachtsmarkt-2015.jpg 1650w\" sizes=\"auto, (max-width: 1024px) 100vw, 1024px\" \/><\/figure>\n\n\n\n<p>\u00a9 Manfred Mai<\/p>\n","protected":false},"excerpt":{"rendered":"<p>am Samstag, 7. Dezember 2024, ab 11 Uhr gegen\u00fcber dem Peter-Adam-Platz vor dem Sportlerh\u00e4uschen Einladung zum Schlemmen, St\u00f6bern, zu warmen Getr\u00e4nken und netten Begegnungen Um 17 Uhr besucht der Nikolaus die Kinder. Musikalisch begleitet wird der Besuch des Nikolaus&#8216; vom &hellip; <a href=\"https:\/\/unser-niedersaubach.de\/?p=9261\">Weiterlesen <span class=\"meta-nav\">&rarr;<\/span><\/a><\/p>\n","protected":false},"author":2,"featured_media":7265,"comment_status":"closed","ping_status":"closed","sticky":false,"template":"","format":"gallery","meta":{"ngg_post_thumbnail":0,"footnotes":""},"categories":[72],"tags":[],"class_list":["post-9261","post","type-post","status-publish","format-gallery","has-post-thumbnail","hentry","category-dorfgemeinschaft","post_format-post-format-gallery"],"_links":{"self":[{"href":"https:\/\/unser-niedersaubach.de\/index.php?rest_route=\/wp\/v2\/posts\/9261","targetHints":{"allow":["GET"]}}],"collection":[{"href":"https:\/\/unser-niedersaubach.de\/index.php?rest_route=\/wp\/v2\/posts"}],"about":[{"href":"https:\/\/unser-niedersaubach.de\/index.php?rest_route=\/wp\/v2\/types\/post"}],"author":[{"embeddable":true,"href":"https:\/\/unser-niedersaubach.de\/index.php?rest_route=\/wp\/v2\/users\/2"}],"replies":[{"embeddable":true,"href":"https:\/\/unser-niedersaubach.de\/index.php?rest_route=%2Fwp%2Fv2%2Fcomments&post=9261"}],"version-history":[{"count":4,"href":"https:\/\/unser-niedersaubach.de\/index.php?rest_route=\/wp\/v2\/posts\/9261\/revisions"}],"predecessor-version":[{"id":9265,"href":"https:\/\/unser-niedersaubach.de\/index.php?rest_route=\/wp\/v2\/posts\/9261\/revisions\/9265"}],"wp:featuredmedia":[{"embeddable":true,"href":"https:\/\/unser-niedersaubach.de\/index.php?rest_route=\/wp\/v2\/media\/7265"}],"wp:attachment":[{"href":"https:\/\/unser-niedersaubach.de\/index.php?rest_route=%2Fwp%2Fv2%2Fmedia&parent=9261"}],"wp:term":[{"taxonomy":"category","embeddable":true,"href":"https:\/\/unser-niedersaubach.de\/index.php?rest_route=%2Fwp%2Fv2%2Fcategories&post=9261"},{"taxonomy":"post_tag","embeddable":true,"href":"https:\/\/unser-niedersaubach.de\/index.php?rest_route=%2Fwp%2Fv2%2Ftags&post=9261"}],"curies":[{"name":"wp","href":"https:\/\/api.w.org\/{rel}","templated":true}]}}