{"id":9286,"date":"2025-02-11T00:16:11","date_gmt":"2025-02-10T23:16:11","guid":{"rendered":"https:\/\/unser-niedersaubach.de\/?p=9286"},"modified":"2025-03-23T00:22:06","modified_gmt":"2025-03-22T23:22:06","slug":"offenes-singen-und-beten-fuer-zusammenhalt-vielfalt-respekt-und-demokratie-in-niedersaubach-am-20-februar-um-18-uhr-in-unserer-antoniuskapelle","status":"publish","type":"post","link":"https:\/\/unser-niedersaubach.de\/?p=9286","title":{"rendered":"Offenes Singen und Beten f\u00fcr Zusammenhalt, Vielfalt, Respekt und Demokratie in Niedersaubach am 20. Februar um 18 Uhr in unserer Antoniuskapelle"},"content":{"rendered":"\n<p>Der Pastorale Raum Lebach beteiligt sich an der bistumsweiten Aktion des Bistums Trier vor der Bundestagswahl 2025. Mit vielen anderen Gruppen und Initiativen soll ein Zeichen gesetzt werden f\u00fcr die Werte, die aus christlicher Sicht notwendig f\u00fcr diese Welt sind.<\/p>\n\n\n\n<figure class=\"wp-block-image size-large\"><a href=\"https:\/\/unser-niedersaubach.de\/wp-content\/uploads\/2025\/02\/Singen-und-Beten-scaled.jpeg\" target=\"_blank\" rel=\" noreferrer noopener\"><img loading=\"lazy\" decoding=\"async\" width=\"1024\" height=\"723\" src=\"https:\/\/unser-niedersaubach.de\/wp-content\/uploads\/2025\/02\/Singen-und-Beten-1024x723.jpeg\" alt=\"\" class=\"wp-image-9289\" srcset=\"https:\/\/unser-niedersaubach.de\/wp-content\/uploads\/2025\/02\/Singen-und-Beten-1024x723.jpeg 1024w, https:\/\/unser-niedersaubach.de\/wp-content\/uploads\/2025\/02\/Singen-und-Beten-300x212.jpeg 300w, https:\/\/unser-niedersaubach.de\/wp-content\/uploads\/2025\/02\/Singen-und-Beten-768x542.jpeg 768w, https:\/\/unser-niedersaubach.de\/wp-content\/uploads\/2025\/02\/Singen-und-Beten-1536x1085.jpeg 1536w, https:\/\/unser-niedersaubach.de\/wp-content\/uploads\/2025\/02\/Singen-und-Beten-2048x1447.jpeg 2048w, https:\/\/unser-niedersaubach.de\/wp-content\/uploads\/2025\/02\/Singen-und-Beten-425x300.jpeg 425w\" sizes=\"auto, (max-width: 1024px) 100vw, 1024px\" \/><\/a><\/figure>\n\n\n\n<p>Das offene Singen und Beten im Pastoralen Raum findet am <strong>Donnerstag, dem 20.02.2025, um 18.00 Uhr in der Antoniuskirche in Niedersaubach<\/strong> (66822 Lebach) statt. Niedersaubach liegt ziemlich genau in der Mitte des Pastoralen Raums. In der kleinen Kirche wird, so hoffen die KirchenmusikerInnen und Chors\u00e4ngerInnen aus dem Pastoralen Raum, die diese Aktion vorbereitet haben, eine gute Gemeinschaft durch das gemeinsame Singen und Beten entstehen, die alle best\u00e4rkt und weiterhin bef\u00e4higt, f\u00fcr das Gute einzustehen.<\/p>\n\n\n\n<p><\/p>\n","protected":false},"excerpt":{"rendered":"<p>Der Pastorale Raum Lebach beteiligt sich an der bistumsweiten Aktion des Bistums Trier vor der Bundestagswahl 2025. Mit vielen anderen Gruppen und Initiativen soll ein Zeichen gesetzt werden f\u00fcr die Werte, die aus christlicher Sicht notwendig f\u00fcr diese Welt sind. &hellip; <a href=\"https:\/\/unser-niedersaubach.de\/?p=9286\">Weiterlesen <span class=\"meta-nav\">&rarr;<\/span><\/a><\/p>\n","protected":false},"author":2,"featured_media":9289,"comment_status":"closed","ping_status":"closed","sticky":false,"template":"","format":"gallery","meta":{"ngg_post_thumbnail":0,"footnotes":""},"categories":[13,132],"tags":[596,597,595],"class_list":["post-9286","post","type-post","status-publish","format-gallery","has-post-thumbnail","hentry","category-antoniuskapelle","category-veranstaltungen","tag-bistum-trier","tag-offenes-singen-und-beten","tag-pastoraler-raum","post_format-post-format-gallery"],"_links":{"self":[{"href":"https:\/\/unser-niedersaubach.de\/index.php?rest_route=\/wp\/v2\/posts\/9286","targetHints":{"allow":["GET"]}}],"collection":[{"href":"https:\/\/unser-niedersaubach.de\/index.php?rest_route=\/wp\/v2\/posts"}],"about":[{"href":"https:\/\/unser-niedersaubach.de\/index.php?rest_route=\/wp\/v2\/types\/post"}],"author":[{"embeddable":true,"href":"https:\/\/unser-niedersaubach.de\/index.php?rest_route=\/wp\/v2\/users\/2"}],"replies":[{"embeddable":true,"href":"https:\/\/unser-niedersaubach.de\/index.php?rest_route=%2Fwp%2Fv2%2Fcomments&post=9286"}],"version-history":[{"count":3,"href":"https:\/\/unser-niedersaubach.de\/index.php?rest_route=\/wp\/v2\/posts\/9286\/revisions"}],"predecessor-version":[{"id":9291,"href":"https:\/\/unser-niedersaubach.de\/index.php?rest_route=\/wp\/v2\/posts\/9286\/revisions\/9291"}],"wp:featuredmedia":[{"embeddable":true,"href":"https:\/\/unser-niedersaubach.de\/index.php?rest_route=\/wp\/v2\/media\/9289"}],"wp:attachment":[{"href":"https:\/\/unser-niedersaubach.de\/index.php?rest_route=%2Fwp%2Fv2%2Fmedia&parent=9286"}],"wp:term":[{"taxonomy":"category","embeddable":true,"href":"https:\/\/unser-niedersaubach.de\/index.php?rest_route=%2Fwp%2Fv2%2Fcategories&post=9286"},{"taxonomy":"post_tag","embeddable":true,"href":"https:\/\/unser-niedersaubach.de\/index.php?rest_route=%2Fwp%2Fv2%2Ftags&post=9286"}],"curies":[{"name":"wp","href":"https:\/\/api.w.org\/{rel}","templated":true}]}}